{"id":6882,"date":"2024-10-10T12:09:26","date_gmt":"2024-10-10T10:09:26","guid":{"rendered":"https:\/\/aizufamiliak.barakaldo.eus\/?p=6882"},"modified":"2024-10-10T12:09:26","modified_gmt":"2024-10-10T10:09:26","slug":"como-ayudar-a-nuestras-hijas-e-hijos-a-desarrollar-su-autoestima","status":"publish","type":"post","link":"https:\/\/aizufamiliak.barakaldo.eus\/es\/2024\/10\/como-ayudar-a-nuestras-hijas-e-hijos-a-desarrollar-su-autoestima\/","title":{"rendered":"C\u00d3MO AYUDAR A NUESTRAS HIJAS E HIJOS A DESARROLLAR SU AUTOESTIMA"},"content":{"rendered":"<p><\/p>\n<p style=\"text-align: left;\"><span class=\"TextRun Highlight SCXW79813284 BCX0\" lang=\"ES\" xml:lang=\"ES\" data-contrast=\"none\"><span class=\"NormalTextRun SCXW79813284 BCX0\">El objetivo de este taller es aprender a poner l\u00edmites de una manera adecuada y ofrecer pautas para mejorar as\u00ed la autoestima de nuestras hijas e hijos.\u00a0<\/span><\/span><\/p>\n<p style=\"text-align: left;\"><strong>Fecha:<\/strong> 14\/11\/2024.<\/p>\n<p style=\"text-align: left;\"><strong>Horario:<\/strong> De 17:00 a 19:00.<\/p>\n<p style=\"text-align: left;\"><strong>Ponente:<\/strong> Gurutze D\u00edez.<\/p>\n<p style=\"text-align: left;\"><span style=\"font-size: 20px;\"><a href=\"https:\/\/docs.google.com\/forms\/d\/1XYLwW5rDHH-TK7Qj3ulF2aF9GTccItrR-baKDVuKPNM\/edit\">INSCR\u00cdBETE AQU\u00cd<\/a><\/span><\/p>\n<p style=\"text-align: left;\"><span style=\"font-size: 8px;\">Imagen obtenida de &lt;a href=\u00bbhttps:\/\/www.freepik.es\/foto-gratis\/chica-morena-clase_1267564.htm#fromView=search&amp;page=1&amp;position=34&amp;uuid=b2d936db-8ee1-4d21-8346-1011e639afcd\u00bb&gt;Imagen de freepik&lt;\/a&gt;\u00a0<\/span><\/p>\n<p><\/p>","protected":false},"excerpt":{"rendered":"<p>El objetivo de este taller es aprender a poner l\u00edmites de una manera adecuada y ofrecer pautas para mejorar as\u00ed la autoestima de nuestras hijas e hijos.\u00a0 Fecha: 14\/11\/2024. Horario: De 17:00 a 19:00. Ponente: Gurutze D\u00edez. INSCR\u00cdBETE AQU\u00cd Imagen obtenida de &lt;a href=\u00bbhttps:\/\/www.freepik.es\/foto-gratis\/chica-morena-clase_1267564.htm#fromView=search&amp;page=1&amp;position=34&amp;uuid=b2d936db-8ee1-4d21-8346-1011e639afcd\u00bb&gt;Imagen de freepik&lt;\/a&gt;\u00a0<\/p>\n","protected":false},"author":1,"featured_media":6931,"comment_status":"open","ping_status":"open","sticky":false,"template":"","format":"standard","meta":{"footnotes":""},"categories":[822,1],"tags":[],"post_mailing_queue_ids":[],"_links":{"self":[{"href":"https:\/\/aizufamiliak.barakaldo.eus\/es\/wp-json\/wp\/v2\/posts\/6882"}],"collection":[{"href":"https:\/\/aizufamiliak.barakaldo.eus\/es\/wp-json\/wp\/v2\/posts"}],"about":[{"href":"https:\/\/aizufamiliak.barakaldo.eus\/es\/wp-json\/wp\/v2\/types\/post"}],"author":[{"embeddable":true,"href":"https:\/\/aizufamiliak.barakaldo.eus\/es\/wp-json\/wp\/v2\/users\/1"}],"replies":[{"embeddable":true,"href":"https:\/\/aizufamiliak.barakaldo.eus\/es\/wp-json\/wp\/v2\/comments?post=6882"}],"version-history":[{"count":6,"href":"https:\/\/aizufamiliak.barakaldo.eus\/es\/wp-json\/wp\/v2\/posts\/6882\/revisions"}],"predecessor-version":[{"id":6932,"href":"https:\/\/aizufamiliak.barakaldo.eus\/es\/wp-json\/wp\/v2\/posts\/6882\/revisions\/6932"}],"wp:featuredmedia":[{"embeddable":true,"href":"https:\/\/aizufamiliak.barakaldo.eus\/es\/wp-json\/wp\/v2\/media\/6931"}],"wp:attachment":[{"href":"https:\/\/aizufamiliak.barakaldo.eus\/es\/wp-json\/wp\/v2\/media?parent=6882"}],"wp:term":[{"taxonomy":"category","embeddable":true,"href":"https:\/\/aizufamiliak.barakaldo.eus\/es\/wp-json\/wp\/v2\/categories?post=6882"},{"taxonomy":"post_tag","embeddable":true,"href":"https:\/\/aizufamiliak.barakaldo.eus\/es\/wp-json\/wp\/v2\/tags?post=6882"}],"curies":[{"name":"wp","href":"https:\/\/api.w.org\/{rel}","templated":true}]}}