{"id":6696,"date":"2023-10-04T12:29:12","date_gmt":"2023-10-04T10:29:12","guid":{"rendered":"https:\/\/aizufamiliak.barakaldo.eus\/?p=6696"},"modified":"2023-10-04T12:29:12","modified_gmt":"2023-10-04T10:29:12","slug":"atendiendo-a-las-sexualidades-en-la-adolescencia","status":"publish","type":"post","link":"https:\/\/aizufamiliak.barakaldo.eus\/es\/2023\/10\/atendiendo-a-las-sexualidades-en-la-adolescencia\/","title":{"rendered":"ATENDIENDO A LAS SEXUALIDADES EN LA ADOLESCENCIA."},"content":{"rendered":"<p><\/p>\n<p style=\"text-align: left;\"><span style=\"font-family: Georgia, Palatino; font-size: 16px;\">La sexualidad es algo inherente al ser humano desde su nacimiento, algo que toma a\u00fan mayor relevancia en la pubertad, por lo que tendremos como premisa el reconocimiento de las y los adolescentes como personas sexuadas.\u00a0<\/span><\/p>\n<p style=\"text-align: left;\"><span style=\"font-family: Georgia, Palatino; font-size: 16px;\">El proceso de sexuaci\u00f3n, el camino de ir construy\u00e9ndonos como personas sexuadas, es din\u00e1mico y cambiante a lo largo de toda la vida, de manera biogr\u00e1fica (es decir, personal e irrepetible), por lo que hay tantas formas de ser seres sexuados como personas en el mundo. Las criaturas ir\u00e1n aprendiendo a conocerse, aceptarse y expresarse, y lo har\u00e1n de manera especialmente importante en la pubertad y adolescencia, de manera que vayan forjando una autoestima positiva que les haga entender su cuerpo y sus emociones, estableciendo relaciones con otras personas basadas en el respeto. La familia es compa\u00f1era de viaje en este proceso y para un buen acompa\u00f1amiento es esencial que nos formemos, ya que todas las personas hacemos educaci\u00f3n sexual (transmitiendo valores, a trav\u00e9s de las actitudes\u2026), aunque a veces no seamos conscientes de ello, o no sepamos c\u00f3mo abordar en una etapa en la que la comunicaci\u00f3n puede ser menos fluida. Para tomar conciencia de los valores, estereotipos, prejuicios y actitudes que tenemos y transmitimos, es imprescindible la reflexi\u00f3n para que las familias nos formemos en este \u00e1mbito, con el fin de atender la sexualidad de esas personas adolescentes, teniendo en cuenta sus caracter\u00edsticas, necesidades e intereses.\u00a0<\/span><\/p>\n<p style=\"text-align: left;\"><strong>Fecha:<\/strong> 06\/03\/2024.<\/p>\n<p style=\"text-align: left;\"><strong>Horario:<\/strong> De 11:00 a 13:00 o de 17:00 a 19:00.<\/p>\n<p style=\"text-align: left;\"><strong>Ponente:<\/strong> Maider Garc\u00eda de Vicu\u00f1a.<\/p>\n<p style=\"text-align: left;\"><span style=\"font-size: 20px;\"><a href=\"https:\/\/forms.gle\/omERmtrsKgNkyVqp6\">INSCR\u00cdBETE AQU\u00cd<\/a><\/span><\/p>\n<p style=\"text-align: left;\"><span style=\"font-size: 8px; font-family: Georgia, Palatino;\">Imagen obtenida de &lt;a href=\u00bbhttps:\/\/www.freepik.es\/foto-gratis\/jovenes-amigos-parque_3274212.htm#query=adolescentes&amp;position=1&amp;from_view=search&amp;track=sph\u00bb&gt;Imagen de rawpixel.com&lt;\/a&gt; en Freepik<\/span><\/p>\n<p><\/p>","protected":false},"excerpt":{"rendered":"<p>La sexualidad es algo inherente al ser humano desde su nacimiento, algo que toma a\u00fan mayor relevancia en la pubertad, por lo que tendremos como premisa el reconocimiento de las y los adolescentes como personas sexuadas.\u00a0 El proceso de sexuaci\u00f3n, el camino de ir construy\u00e9ndonos como personas sexuadas, es din\u00e1mico y cambiante a lo largo [&hellip;]<\/p>\n","protected":false},"author":1,"featured_media":6709,"comment_status":"open","ping_status":"open","sticky":false,"template":"","format":"standard","meta":{"footnotes":""},"categories":[822,836],"tags":[],"post_mailing_queue_ids":[],"_links":{"self":[{"href":"https:\/\/aizufamiliak.barakaldo.eus\/es\/wp-json\/wp\/v2\/posts\/6696"}],"collection":[{"href":"https:\/\/aizufamiliak.barakaldo.eus\/es\/wp-json\/wp\/v2\/posts"}],"about":[{"href":"https:\/\/aizufamiliak.barakaldo.eus\/es\/wp-json\/wp\/v2\/types\/post"}],"author":[{"embeddable":true,"href":"https:\/\/aizufamiliak.barakaldo.eus\/es\/wp-json\/wp\/v2\/users\/1"}],"replies":[{"embeddable":true,"href":"https:\/\/aizufamiliak.barakaldo.eus\/es\/wp-json\/wp\/v2\/comments?post=6696"}],"version-history":[{"count":9,"href":"https:\/\/aizufamiliak.barakaldo.eus\/es\/wp-json\/wp\/v2\/posts\/6696\/revisions"}],"predecessor-version":[{"id":6805,"href":"https:\/\/aizufamiliak.barakaldo.eus\/es\/wp-json\/wp\/v2\/posts\/6696\/revisions\/6805"}],"wp:featuredmedia":[{"embeddable":true,"href":"https:\/\/aizufamiliak.barakaldo.eus\/es\/wp-json\/wp\/v2\/media\/6709"}],"wp:attachment":[{"href":"https:\/\/aizufamiliak.barakaldo.eus\/es\/wp-json\/wp\/v2\/media?parent=6696"}],"wp:term":[{"taxonomy":"category","embeddable":true,"href":"https:\/\/aizufamiliak.barakaldo.eus\/es\/wp-json\/wp\/v2\/categories?post=6696"},{"taxonomy":"post_tag","embeddable":true,"href":"https:\/\/aizufamiliak.barakaldo.eus\/es\/wp-json\/wp\/v2\/tags?post=6696"}],"curies":[{"name":"wp","href":"https:\/\/api.w.org\/{rel}","templated":true}]}}