{"id":6680,"date":"2023-10-04T12:30:38","date_gmt":"2023-10-04T10:30:38","guid":{"rendered":"https:\/\/aizufamiliak.barakaldo.eus\/?p=6680"},"modified":"2023-12-21T12:50:38","modified_gmt":"2023-12-21T11:50:38","slug":"como-ayudar-a-nuestras-hijas-e-hijos-ante-la-presion-de-grupo","status":"publish","type":"post","link":"https:\/\/aizufamiliak.barakaldo.eus\/es\/2023\/10\/como-ayudar-a-nuestras-hijas-e-hijos-ante-la-presion-de-grupo\/","title":{"rendered":"\u00bfC\u00d3MO AYUDAR A NUESTRAS HIJAS E HIJOS ANTE LA PRESI\u00d3N DE GRUPO?"},"content":{"rendered":"<p><\/p>\n<p style=\"text-align: left;\">El grupo de iguales adquiere una importancia fundamental en la primera infancia y en la adolescencia para un adecuado desarrollo psicol\u00f3gico y emocional de nuestro@s hij@s. \u00bfC\u00f3mo ayudarles para que gestionen adecuadamente la presi\u00f3n de grupo y para que sepan afrontar la influencia que tienen las nuevas tecnolog\u00edas en tal presi\u00f3n?<\/p>\n<p style=\"text-align: left;\"><strong>Fecha:<\/strong> 07\/02\/2024.<\/p>\n<p style=\"text-align: left;\"><strong>Horario:<\/strong> De 11:00 a 13:00 o de 17:00 a 19:00.<\/p>\n<p style=\"text-align: left;\"><strong>Ponente:<\/strong> Juan Carlos Alonso.<\/p>\n<p><span style=\"font-size: 20px;\"><a href=\"https:\/\/docs.google.com\/forms\/d\/11ftkBz7sp_V0pLG6X47ZVjMLDP3d2VdFBRIKnUZxPdg\/edit\">INSCR\u00cdBETE AQU\u00cd<\/a><\/span><\/p>\n<p style=\"text-align: left;\"><span style=\"font-size: 8px; font-family: Georgia, Palatino;\">Imagen obtenida de &lt;a href=\u00bbhttps:\/\/www.freepik.es\/foto-gratis\/persona-que-sufre-acoso-escolar_20146576.htm#query=presi%C3%B3n%20de%20grupo%20adolescentes&amp;position=28&amp;from_view=search&amp;track=ais\u00bb&gt;Freepik&lt;\/a&gt;<\/span><\/p>\n<p><\/p>","protected":false},"excerpt":{"rendered":"<p>El grupo de iguales adquiere una importancia fundamental en la primera infancia y en la adolescencia para un adecuado desarrollo psicol\u00f3gico y emocional de nuestro@s hij@s. \u00bfC\u00f3mo ayudarles para que gestionen adecuadamente la presi\u00f3n de grupo y para que sepan afrontar la influencia que tienen las nuevas tecnolog\u00edas en tal presi\u00f3n? Fecha: 07\/02\/2024. Horario: De [&hellip;]<\/p>\n","protected":false},"author":1,"featured_media":6713,"comment_status":"open","ping_status":"open","sticky":false,"template":"","format":"standard","meta":{"footnotes":""},"categories":[822,836],"tags":[],"post_mailing_queue_ids":[],"_links":{"self":[{"href":"https:\/\/aizufamiliak.barakaldo.eus\/es\/wp-json\/wp\/v2\/posts\/6680"}],"collection":[{"href":"https:\/\/aizufamiliak.barakaldo.eus\/es\/wp-json\/wp\/v2\/posts"}],"about":[{"href":"https:\/\/aizufamiliak.barakaldo.eus\/es\/wp-json\/wp\/v2\/types\/post"}],"author":[{"embeddable":true,"href":"https:\/\/aizufamiliak.barakaldo.eus\/es\/wp-json\/wp\/v2\/users\/1"}],"replies":[{"embeddable":true,"href":"https:\/\/aizufamiliak.barakaldo.eus\/es\/wp-json\/wp\/v2\/comments?post=6680"}],"version-history":[{"count":7,"href":"https:\/\/aizufamiliak.barakaldo.eus\/es\/wp-json\/wp\/v2\/posts\/6680\/revisions"}],"predecessor-version":[{"id":6819,"href":"https:\/\/aizufamiliak.barakaldo.eus\/es\/wp-json\/wp\/v2\/posts\/6680\/revisions\/6819"}],"wp:featuredmedia":[{"embeddable":true,"href":"https:\/\/aizufamiliak.barakaldo.eus\/es\/wp-json\/wp\/v2\/media\/6713"}],"wp:attachment":[{"href":"https:\/\/aizufamiliak.barakaldo.eus\/es\/wp-json\/wp\/v2\/media?parent=6680"}],"wp:term":[{"taxonomy":"category","embeddable":true,"href":"https:\/\/aizufamiliak.barakaldo.eus\/es\/wp-json\/wp\/v2\/categories?post=6680"},{"taxonomy":"post_tag","embeddable":true,"href":"https:\/\/aizufamiliak.barakaldo.eus\/es\/wp-json\/wp\/v2\/tags?post=6680"}],"curies":[{"name":"wp","href":"https:\/\/api.w.org\/{rel}","templated":true}]}}