{"id":6672,"date":"2023-10-04T12:30:51","date_gmt":"2023-10-04T10:30:51","guid":{"rendered":"https:\/\/aizufamiliak.barakaldo.eus\/?p=6672"},"modified":"2023-10-04T12:30:51","modified_gmt":"2023-10-04T10:30:51","slug":"claves-para-educar-bien-a-nuestras-hijas-e-hijos","status":"publish","type":"post","link":"https:\/\/aizufamiliak.barakaldo.eus\/es\/2023\/10\/claves-para-educar-bien-a-nuestras-hijas-e-hijos\/","title":{"rendered":"CLAVES PARA EDUCAR BIEN A NUESTRAS HIJAS E HIJOS."},"content":{"rendered":"<p><\/p>\n<p style=\"text-align: left;\">Seguro que, como padre\/madre, te has preguntado muchas veces, \u00bfC\u00f3mo tengo que educar a mi hij@? ; \u00bfQu\u00e9 aspectos son los m\u00e1s importantes? ; \u00bfHasta d\u00f3nde debo exigir?; \u00bfQu\u00e9 normas tenemos que instaurar?; \u00bfTodav\u00eda es demasiado peque\u00f1o\/a para \u2026?; \u00bfCu\u00e1l es mi estilo educativo y cu\u00e1l es el adecuado?; \u00bfQu\u00e9 es lo que m\u00e1s le influye a mi hij@ para que crezca, madure adecuadamente?,&#8230;; Las respuestas a estas preguntas est\u00e1n en ciertas claves que, como padres\/madres tenemos que tener en cuenta para educar adecuadamente a nuestros hijo@s. Claves como la educaci\u00f3n emocional, el desarrollo de la autonom\u00eda, de la autoestima \u2026<\/p>\n<p style=\"text-align: left;\"><strong>Fecha:<\/strong> 17\/01\/2024.<\/p>\n<p style=\"text-align: left;\"><strong>Horario:<\/strong> De 11:00 a 13:00 o de 17:00 a 19:00.<\/p>\n<p style=\"text-align: left;\"><strong>Ponente:<\/strong> Juan Carlos Alonso.<\/p>\n<p style=\"text-align: left;\"><span style=\"font-size: 20px;\"><a href=\"https:\/\/forms.gle\/DSDTMcUDpeNYHJxN6\">INSCR\u00cdBETE AQU\u00cd<\/a><\/span><\/p>\n<p style=\"text-align: left;\"><span style=\"font-size: 8px; font-family: Georgia, Palatino;\">Imagen obtenida de &lt;a href=\u00bbhttps:\/\/www.freepik.es\/foto-gratis\/manos-nino-que-mancho_7365424.htm#query=educaci%C3%B3n&amp;position=32&amp;from_view=search&amp;track=sph\u00bb&gt;Imagen de jcomp&lt;\/a&gt; en Freepik<\/span><\/p>\n<p><\/p>","protected":false},"excerpt":{"rendered":"<p>Seguro que, como padre\/madre, te has preguntado muchas veces, \u00bfC\u00f3mo tengo que educar a mi hij@? ; \u00bfQu\u00e9 aspectos son los m\u00e1s importantes? ; \u00bfHasta d\u00f3nde debo exigir?; \u00bfQu\u00e9 normas tenemos que instaurar?; \u00bfTodav\u00eda es demasiado peque\u00f1o\/a para \u2026?; \u00bfCu\u00e1l es mi estilo educativo y cu\u00e1l es el adecuado?; \u00bfQu\u00e9 es lo que m\u00e1s le [&hellip;]<\/p>\n","protected":false},"author":1,"featured_media":6717,"comment_status":"open","ping_status":"open","sticky":false,"template":"","format":"standard","meta":{"footnotes":""},"categories":[822,836],"tags":[],"post_mailing_queue_ids":[],"_links":{"self":[{"href":"https:\/\/aizufamiliak.barakaldo.eus\/es\/wp-json\/wp\/v2\/posts\/6672"}],"collection":[{"href":"https:\/\/aizufamiliak.barakaldo.eus\/es\/wp-json\/wp\/v2\/posts"}],"about":[{"href":"https:\/\/aizufamiliak.barakaldo.eus\/es\/wp-json\/wp\/v2\/types\/post"}],"author":[{"embeddable":true,"href":"https:\/\/aizufamiliak.barakaldo.eus\/es\/wp-json\/wp\/v2\/users\/1"}],"replies":[{"embeddable":true,"href":"https:\/\/aizufamiliak.barakaldo.eus\/es\/wp-json\/wp\/v2\/comments?post=6672"}],"version-history":[{"count":11,"href":"https:\/\/aizufamiliak.barakaldo.eus\/es\/wp-json\/wp\/v2\/posts\/6672\/revisions"}],"predecessor-version":[{"id":6800,"href":"https:\/\/aizufamiliak.barakaldo.eus\/es\/wp-json\/wp\/v2\/posts\/6672\/revisions\/6800"}],"wp:featuredmedia":[{"embeddable":true,"href":"https:\/\/aizufamiliak.barakaldo.eus\/es\/wp-json\/wp\/v2\/media\/6717"}],"wp:attachment":[{"href":"https:\/\/aizufamiliak.barakaldo.eus\/es\/wp-json\/wp\/v2\/media?parent=6672"}],"wp:term":[{"taxonomy":"category","embeddable":true,"href":"https:\/\/aizufamiliak.barakaldo.eus\/es\/wp-json\/wp\/v2\/categories?post=6672"},{"taxonomy":"post_tag","embeddable":true,"href":"https:\/\/aizufamiliak.barakaldo.eus\/es\/wp-json\/wp\/v2\/tags?post=6672"}],"curies":[{"name":"wp","href":"https:\/\/api.w.org\/{rel}","templated":true}]}}