{"id":6664,"date":"2023-10-04T12:31:50","date_gmt":"2023-10-04T10:31:50","guid":{"rendered":"https:\/\/aizufamiliak.barakaldo.eus\/?p=6664"},"modified":"2023-10-04T12:31:50","modified_gmt":"2023-10-04T10:31:50","slug":"bienestar-familiar-como-conseguir-el-equilibrio-entre-sus-necesidades-y-las-nuestras","status":"publish","type":"post","link":"https:\/\/aizufamiliak.barakaldo.eus\/es\/2023\/10\/bienestar-familiar-como-conseguir-el-equilibrio-entre-sus-necesidades-y-las-nuestras\/","title":{"rendered":"BIENESTAR FAMILIAR. C\u00d3MO CONSEGUIR EL EQUILIBRIO ENTRE SUS NECESIDADES Y LAS NUESTRAS."},"content":{"rendered":"<p><\/p>\n<p style=\"text-align: left;\"><span data-contrast=\"auto\">En este taller veremos c\u00f3mo encontrar el equilibrio entre las demandas y necesidades de nuestros hijos e hijas y las necesidades nuestras como adultos.<\/span><span data-ccp-props=\"{&quot;201341983&quot;:0,&quot;335559740&quot;:276}\">\u00a0<\/span><\/p>\n<p style=\"text-align: left;\"><span data-contrast=\"auto\">Nos enfocaremos en el autocuidado y veremos pautas sencillas para ponerlo en pr\u00e1ctica en el d\u00eda a d\u00eda.\u00a0<\/span><span data-ccp-props=\"{&quot;201341983&quot;:0,&quot;335559740&quot;:276}\">\u00a0<\/span><\/p>\n<p style=\"text-align: left;\"><strong>Fecha:<\/strong> 16\/11\/2023.<\/p>\n<p style=\"text-align: left;\"><strong>Horario:<\/strong> De 11:00 a 13:00 o de 17:00 a 19:00.<\/p>\n<p style=\"text-align: left;\"><strong>Ponente:<\/strong> Gurutze D\u00edez.<\/p>\n<p style=\"text-align: left;\"><span style=\"font-size: 20px;\"><a href=\"https:\/\/forms.gle\/mwZoTcBhVpwqAHhp7\">INSCR\u00cdBETE AQU\u00cd<\/a><\/span><\/p>\n<p style=\"text-align: left;\"><span style=\"font-size: 8px;\">Imagen obtenida de &lt;a href=\u00bbhttps:\/\/www.freepik.es\/foto-gratis\/cerrar-manos-mujer-bonita-doblando-juntos-signo-corazon_12701502.htm#page=2&amp;query=corazon%20sujetado%20por%20manos&amp;position=8&amp;from_view=search&amp;track=ais\u00bb&gt;Imagen de nakaridore&lt;\/a&gt; en Freepik<\/span><\/p>\n<p><\/p>","protected":false},"excerpt":{"rendered":"<p>En este taller veremos c\u00f3mo encontrar el equilibrio entre las demandas y necesidades de nuestros hijos e hijas y las necesidades nuestras como adultos.\u00a0 Nos enfocaremos en el autocuidado y veremos pautas sencillas para ponerlo en pr\u00e1ctica en el d\u00eda a d\u00eda.\u00a0\u00a0 Fecha: 16\/11\/2023. Horario: De 11:00 a 13:00 o de 17:00 a 19:00. Ponente: [&hellip;]<\/p>\n","protected":false},"author":1,"featured_media":6715,"comment_status":"open","ping_status":"open","sticky":false,"template":"","format":"standard","meta":{"footnotes":""},"categories":[822,836],"tags":[],"post_mailing_queue_ids":[],"_links":{"self":[{"href":"https:\/\/aizufamiliak.barakaldo.eus\/es\/wp-json\/wp\/v2\/posts\/6664"}],"collection":[{"href":"https:\/\/aizufamiliak.barakaldo.eus\/es\/wp-json\/wp\/v2\/posts"}],"about":[{"href":"https:\/\/aizufamiliak.barakaldo.eus\/es\/wp-json\/wp\/v2\/types\/post"}],"author":[{"embeddable":true,"href":"https:\/\/aizufamiliak.barakaldo.eus\/es\/wp-json\/wp\/v2\/users\/1"}],"replies":[{"embeddable":true,"href":"https:\/\/aizufamiliak.barakaldo.eus\/es\/wp-json\/wp\/v2\/comments?post=6664"}],"version-history":[{"count":7,"href":"https:\/\/aizufamiliak.barakaldo.eus\/es\/wp-json\/wp\/v2\/posts\/6664\/revisions"}],"predecessor-version":[{"id":6798,"href":"https:\/\/aizufamiliak.barakaldo.eus\/es\/wp-json\/wp\/v2\/posts\/6664\/revisions\/6798"}],"wp:featuredmedia":[{"embeddable":true,"href":"https:\/\/aizufamiliak.barakaldo.eus\/es\/wp-json\/wp\/v2\/media\/6715"}],"wp:attachment":[{"href":"https:\/\/aizufamiliak.barakaldo.eus\/es\/wp-json\/wp\/v2\/media?parent=6664"}],"wp:term":[{"taxonomy":"category","embeddable":true,"href":"https:\/\/aizufamiliak.barakaldo.eus\/es\/wp-json\/wp\/v2\/categories?post=6664"},{"taxonomy":"post_tag","embeddable":true,"href":"https:\/\/aizufamiliak.barakaldo.eus\/es\/wp-json\/wp\/v2\/tags?post=6664"}],"curies":[{"name":"wp","href":"https:\/\/api.w.org\/{rel}","templated":true}]}}