{"id":6604,"date":"2022-12-16T10:07:22","date_gmt":"2022-12-16T09:07:22","guid":{"rendered":"https:\/\/aizufamiliak.barakaldo.eus\/?p=6604"},"modified":"2022-12-16T10:46:55","modified_gmt":"2022-12-16T09:46:55","slug":"hablemos-de-perdidas-abordar-los-duelos-en-familia","status":"publish","type":"post","link":"https:\/\/aizufamiliak.barakaldo.eus\/es\/2022\/12\/hablemos-de-perdidas-abordar-los-duelos-en-familia\/","title":{"rendered":"HABLEMOS DE P\u00c9RDIDAS: ABORDAR LOS DUELOS EN FAMILIA"},"content":{"rendered":"<p>Todas las familias viven situaciones de duelo, por la muerte de seres queridos o por otro tipo de cambios importantes (enfermedades, separaci\u00f3n, reconstituci\u00f3n de la familia, traslados de lugar de residencia\u2026). Los y las adolescentes comparten esta vivencia familiar, sienten el impacto pero no siempre lo expresan de la misma manera. Como en cualquier situaci\u00f3n de vulnerabilidad, necesitar\u00e1n que los adultos de la familia los acompa\u00f1en y les apoyen en este proceso, tarea que no siempre es f\u00e1cil. Trabajaremos sobre c\u00f3mo estar con nuestros hijos e hijas en situaciones de duelo y c\u00f3mo adaptar nuestra intervenci\u00f3n a su fase adolescente.<\/p>\n<p><strong>Fecha:<\/strong> 02\/03\/2023.<\/p>\n<p><strong>Horario:<\/strong> De 11:00 a 13:00 o de 17:00 a 19:00.<\/p>\n<p><strong>Ponente:<\/strong> Yarima Etxeberria.<\/p>\n<p><span style=\"font-size: 20px;\"><a href=\"https:\/\/forms.gle\/RCLQ7ypgag7XbrWU8\">Inscr\u00edbete aqu\u00ed<\/a><\/span><\/p>\n<p><span style=\"font-size: 8px;\">Imagen obtenida de: &lt;a href=\u00bbhttps:\/\/www.freepik.es\/foto-gratis\/madre-consolando-su-hija-triste_2826738.htm#query=familias%20tristes&amp;position=1&amp;from_view=search&amp;track=sph\u00bb&gt;Imagen de rawpixel.com&lt;\/a&gt; en Freepik<\/span><\/p>","protected":false},"excerpt":{"rendered":"<p>Todas las familias viven situaciones de duelo, por la muerte de seres queridos o por otro tipo de cambios importantes (enfermedades, separaci\u00f3n, reconstituci\u00f3n de la familia, traslados de lugar de residencia\u2026). Los y las adolescentes comparten esta vivencia familiar, sienten el impacto pero no siempre lo expresan de la misma manera. Como en cualquier situaci\u00f3n [&hellip;]<\/p>\n","protected":false},"author":1,"featured_media":6618,"comment_status":"open","ping_status":"open","sticky":false,"template":"","format":"standard","meta":{"footnotes":""},"categories":[822,836],"tags":[],"post_mailing_queue_ids":[],"_links":{"self":[{"href":"https:\/\/aizufamiliak.barakaldo.eus\/es\/wp-json\/wp\/v2\/posts\/6604"}],"collection":[{"href":"https:\/\/aizufamiliak.barakaldo.eus\/es\/wp-json\/wp\/v2\/posts"}],"about":[{"href":"https:\/\/aizufamiliak.barakaldo.eus\/es\/wp-json\/wp\/v2\/types\/post"}],"author":[{"embeddable":true,"href":"https:\/\/aizufamiliak.barakaldo.eus\/es\/wp-json\/wp\/v2\/users\/1"}],"replies":[{"embeddable":true,"href":"https:\/\/aizufamiliak.barakaldo.eus\/es\/wp-json\/wp\/v2\/comments?post=6604"}],"version-history":[{"count":3,"href":"https:\/\/aizufamiliak.barakaldo.eus\/es\/wp-json\/wp\/v2\/posts\/6604\/revisions"}],"predecessor-version":[{"id":6624,"href":"https:\/\/aizufamiliak.barakaldo.eus\/es\/wp-json\/wp\/v2\/posts\/6604\/revisions\/6624"}],"wp:featuredmedia":[{"embeddable":true,"href":"https:\/\/aizufamiliak.barakaldo.eus\/es\/wp-json\/wp\/v2\/media\/6618"}],"wp:attachment":[{"href":"https:\/\/aizufamiliak.barakaldo.eus\/es\/wp-json\/wp\/v2\/media?parent=6604"}],"wp:term":[{"taxonomy":"category","embeddable":true,"href":"https:\/\/aizufamiliak.barakaldo.eus\/es\/wp-json\/wp\/v2\/categories?post=6604"},{"taxonomy":"post_tag","embeddable":true,"href":"https:\/\/aizufamiliak.barakaldo.eus\/es\/wp-json\/wp\/v2\/tags?post=6604"}],"curies":[{"name":"wp","href":"https:\/\/api.w.org\/{rel}","templated":true}]}}