{"id":6601,"date":"2022-12-16T10:07:43","date_gmt":"2022-12-16T09:07:43","guid":{"rendered":"https:\/\/aizufamiliak.barakaldo.eus\/?p=6601"},"modified":"2022-12-16T10:46:39","modified_gmt":"2022-12-16T09:46:39","slug":"adolescentes-con-el-movil-todo-el-dia-gestionar-el-uso-de-las-nuevas-tecnologias-desde-la-familia","status":"publish","type":"post","link":"https:\/\/aizufamiliak.barakaldo.eus\/es\/2022\/12\/adolescentes-con-el-movil-todo-el-dia-gestionar-el-uso-de-las-nuevas-tecnologias-desde-la-familia\/","title":{"rendered":"\u00a1ADOLESCENTES CON EL M\u00d3VIL TODO EL D\u00cdA! GESTIONAR EL USO DE LAS NUEVAS TECNOLOG\u00cdAS DESDE LA FAMILIA"},"content":{"rendered":"<p>Adultos y adolescentes tenemos incorporadas las nuevas tecnolog\u00edas y redes sociales en nuestra vida cotidiana\u2026 y ellos y ellas est\u00e1n creciendo inmersos en esta era digital. Analizaremos cu\u00e1ndo las utilizamos, para qu\u00e9 nos sirven, sus ventajas e inconvenientes\u2026 Identificaremos las emociones que nos surgen cuando nos manejamos con ellas, as\u00ed como las que sentimos cuando nuestros hijos e hijas se relacionan con el m\u00f3vil o las redes sociales. \u00bfC\u00f3mo podemos favorecer factores de protecci\u00f3n en los y las adolescentes, de manera que hagan un uso estimulante y sano de las nuevas tecnolog\u00edas?<\/p>\n<p><strong>Fecha:<\/strong> 15\/02\/2023.<\/p>\n<p><strong>Horario:<\/strong> De 11:00 a 13:00 o de 17:00 a 19:00.<\/p>\n<p><strong>Ponente:<\/strong> Yarima Etxeberria.<\/p>\n<p><span style=\"font-size: 20px;\"><a href=\"https:\/\/forms.gle\/RCLQ7ypgag7XbrWU8\">Inscr\u00edbete aqu\u00ed<\/a><\/span><\/p>\n<p><span style=\"font-size: 8px;\">Imagen obtenida de: &lt;a href=\u00bbhttps:\/\/www.freepik.es\/foto-gratis\/mujer-feliz-telefono_4191294.htm#query=comunicaci%C3%B3n&amp;position=19&amp;from_view=search&amp;track=sph\u00bb&gt;Imagen de rawpixel.com&lt;\/a&gt; en Freepik<\/span><\/p>","protected":false},"excerpt":{"rendered":"<p>Adultos y adolescentes tenemos incorporadas las nuevas tecnolog\u00edas y redes sociales en nuestra vida cotidiana\u2026 y ellos y ellas est\u00e1n creciendo inmersos en esta era digital. Analizaremos cu\u00e1ndo las utilizamos, para qu\u00e9 nos sirven, sus ventajas e inconvenientes\u2026 Identificaremos las emociones que nos surgen cuando nos manejamos con ellas, as\u00ed como las que sentimos cuando [&hellip;]<\/p>\n","protected":false},"author":1,"featured_media":6615,"comment_status":"open","ping_status":"open","sticky":false,"template":"","format":"standard","meta":{"footnotes":""},"categories":[822,836],"tags":[],"post_mailing_queue_ids":[],"_links":{"self":[{"href":"https:\/\/aizufamiliak.barakaldo.eus\/es\/wp-json\/wp\/v2\/posts\/6601"}],"collection":[{"href":"https:\/\/aizufamiliak.barakaldo.eus\/es\/wp-json\/wp\/v2\/posts"}],"about":[{"href":"https:\/\/aizufamiliak.barakaldo.eus\/es\/wp-json\/wp\/v2\/types\/post"}],"author":[{"embeddable":true,"href":"https:\/\/aizufamiliak.barakaldo.eus\/es\/wp-json\/wp\/v2\/users\/1"}],"replies":[{"embeddable":true,"href":"https:\/\/aizufamiliak.barakaldo.eus\/es\/wp-json\/wp\/v2\/comments?post=6601"}],"version-history":[{"count":4,"href":"https:\/\/aizufamiliak.barakaldo.eus\/es\/wp-json\/wp\/v2\/posts\/6601\/revisions"}],"predecessor-version":[{"id":6623,"href":"https:\/\/aizufamiliak.barakaldo.eus\/es\/wp-json\/wp\/v2\/posts\/6601\/revisions\/6623"}],"wp:featuredmedia":[{"embeddable":true,"href":"https:\/\/aizufamiliak.barakaldo.eus\/es\/wp-json\/wp\/v2\/media\/6615"}],"wp:attachment":[{"href":"https:\/\/aizufamiliak.barakaldo.eus\/es\/wp-json\/wp\/v2\/media?parent=6601"}],"wp:term":[{"taxonomy":"category","embeddable":true,"href":"https:\/\/aizufamiliak.barakaldo.eus\/es\/wp-json\/wp\/v2\/categories?post=6601"},{"taxonomy":"post_tag","embeddable":true,"href":"https:\/\/aizufamiliak.barakaldo.eus\/es\/wp-json\/wp\/v2\/tags?post=6601"}],"curies":[{"name":"wp","href":"https:\/\/api.w.org\/{rel}","templated":true}]}}