{"id":6502,"date":"2022-10-19T09:50:54","date_gmt":"2022-10-19T07:50:54","guid":{"rendered":"https:\/\/aizufamiliak.barakaldo.eus\/?p=6502"},"modified":"2022-10-26T14:25:49","modified_gmt":"2022-10-26T12:25:49","slug":"atendiendo-a-las-sexualidades-de-nuestras-hijas-e-hijos","status":"publish","type":"post","link":"https:\/\/aizufamiliak.barakaldo.eus\/es\/2022\/10\/atendiendo-a-las-sexualidades-de-nuestras-hijas-e-hijos\/","title":{"rendered":"ATENDIENDO A LAS SEXUALIDADES DE NUESTRAS HIJAS E HIJOS (EDUCACI\u00d3N PRIMARIA)"},"content":{"rendered":"<p>La sexualidad es algo inherente al ser humano desde su nacimiento, por lo que esas maravillosas criaturas que forman parte de vuestras vidas, son personas sexuadas que se ir\u00e1n construyendo d\u00eda a d\u00eda de manera \u00fanica e irrepetible.<\/p>\n<p>Est\u00e1n aprendiendo a conocerse, aceptarse y expresarse. En una etapa de crecimiento y cambios, m\u00e1s a\u00fan a partir de los 9-10 a\u00f1os, entender su cuerpo y sus emociones, ser\u00e1 garante para establecer relaciones basadas en el respeto con otras personas.<\/p>\n<p>Un acompa\u00f1amiento positivo por parte de la familia es esencial y formarnos nos ayudar\u00e1, ya que todas las personas hacemos educaci\u00f3n sexual (transmitiendo valores, a trav\u00e9s de las actitudes\u2026), aunque a veces no seamos conscientes. En esta etapa pueden parecer peque\u00f1os y peque\u00f1as para hablar de relaciones o riesgos, pero no, puesto que no debemos olvidar que son personas sexuadas y les educamos a diario.<\/p>\n<p>Esta charla es una invitaci\u00f3n al conocimiento y la reflexi\u00f3n para ser buenos acompa\u00f1antes.<\/p>\n<p><strong>Fecha:<\/strong> 01\/02\/2023.<\/p>\n<p><strong>Horario:<\/strong> De 11:00 a 13:00 o de 17:00 a 19:00.<\/p>\n<p><strong>Ponente:<\/strong> Maider Garc\u00eda.<\/p>\n<p><strong><span style=\"font-size: 20px;\"><a href=\"https:\/\/forms.gle\/bS86y4iS53nnumm6A\">Inscr\u00edbete aqu\u00ed<\/a><\/span><\/strong><\/p>\n<p><span style=\"font-size: 8px;\">Imagen obtenida de: &lt;a href=\u00bbhttps:\/\/www.freepik.es\/vector-gratis\/grupo-jovenes-posando-foto_5230715.htm#query=educacion%20sexual&amp;position=1&amp;from_view=search&amp;track=sph\u00bb&gt;Imagen de pikisuperstar&lt;\/a&gt; en Freepik<\/span><\/p>","protected":false},"excerpt":{"rendered":"<p>La sexualidad es algo inherente al ser humano desde su nacimiento, por lo que esas maravillosas criaturas que forman parte de vuestras vidas, son personas sexuadas que se ir\u00e1n construyendo d\u00eda a d\u00eda de manera \u00fanica e irrepetible. Est\u00e1n aprendiendo a conocerse, aceptarse y expresarse. En una etapa de crecimiento y cambios, m\u00e1s a\u00fan a [&hellip;]<\/p>\n","protected":false},"author":1,"featured_media":6550,"comment_status":"open","ping_status":"open","sticky":false,"template":"","format":"standard","meta":{"footnotes":""},"categories":[836],"tags":[],"post_mailing_queue_ids":[],"_links":{"self":[{"href":"https:\/\/aizufamiliak.barakaldo.eus\/es\/wp-json\/wp\/v2\/posts\/6502"}],"collection":[{"href":"https:\/\/aizufamiliak.barakaldo.eus\/es\/wp-json\/wp\/v2\/posts"}],"about":[{"href":"https:\/\/aizufamiliak.barakaldo.eus\/es\/wp-json\/wp\/v2\/types\/post"}],"author":[{"embeddable":true,"href":"https:\/\/aizufamiliak.barakaldo.eus\/es\/wp-json\/wp\/v2\/users\/1"}],"replies":[{"embeddable":true,"href":"https:\/\/aizufamiliak.barakaldo.eus\/es\/wp-json\/wp\/v2\/comments?post=6502"}],"version-history":[{"count":8,"href":"https:\/\/aizufamiliak.barakaldo.eus\/es\/wp-json\/wp\/v2\/posts\/6502\/revisions"}],"predecessor-version":[{"id":6589,"href":"https:\/\/aizufamiliak.barakaldo.eus\/es\/wp-json\/wp\/v2\/posts\/6502\/revisions\/6589"}],"wp:featuredmedia":[{"embeddable":true,"href":"https:\/\/aizufamiliak.barakaldo.eus\/es\/wp-json\/wp\/v2\/media\/6550"}],"wp:attachment":[{"href":"https:\/\/aizufamiliak.barakaldo.eus\/es\/wp-json\/wp\/v2\/media?parent=6502"}],"wp:term":[{"taxonomy":"category","embeddable":true,"href":"https:\/\/aizufamiliak.barakaldo.eus\/es\/wp-json\/wp\/v2\/categories?post=6502"},{"taxonomy":"post_tag","embeddable":true,"href":"https:\/\/aizufamiliak.barakaldo.eus\/es\/wp-json\/wp\/v2\/tags?post=6502"}],"curies":[{"name":"wp","href":"https:\/\/api.w.org\/{rel}","templated":true}]}}