{"id":5949,"date":"2021-04-16T09:46:26","date_gmt":"2021-04-16T07:46:26","guid":{"rendered":"https:\/\/aizufamiliak.barakaldo.eus\/?p=5949"},"modified":"2021-04-16T09:46:26","modified_gmt":"2021-04-16T07:46:26","slug":"educacion-afectivo-sexual","status":"publish","type":"post","link":"https:\/\/aizufamiliak.barakaldo.eus\/es\/2021\/04\/educacion-afectivo-sexual\/","title":{"rendered":"Educaci\u00f3n afectivo sexual"},"content":{"rendered":"<p>La sexualidad es un tema que nos resulta dif\u00edcil de abordar con nuestros hijos\/as. No obstante, es una parte inseparable del ser humano y al igual que los ni\u00f1os y ni\u00f1as exploran sus manos, sus pies y otras partes de su cuerpo, tambi\u00e9n sentir\u00e1n una curiosidad innata por descubrir sus genitales. Si de verdad deseamos que se desarrollen en plenitud es imprescindible acompa\u00f1arles en este proceso de descubrimiento pudiendo hablar de ello con naturalidad.<\/p>\n<p>En este taller, dirigido a <strong>padres y madres con hijos\/as en etapa infantil y primaria (de 0 a 12 a\u00f1os), <\/strong>se abordar\u00e1n aspectos sobre el desarrollo de la sexualidad en las etapas de la infancia y preadolescencia aportando claves para acompa\u00f1ar a vuestros hijos\/as en este proceso. Educar en sexualidad adem\u00e1s es un modo de prevenci\u00f3n de posibles situaciones problem\u00e1ticas en el futuro.<\/p>\n<p>Animaos a participar y a acompa\u00f1ar a vuestros hijos\/as tambi\u00e9n en este aspecto del desarrollo. \u00a1Os esperamos!<\/p>\n<p><span style=\"text-decoration: underline;\">Fecha:<\/span> 27 de abril<\/p>\n<p><span style=\"text-decoration: underline;\">Horario de ma\u00f1ana<\/span>: 11:00 &#8211; 13:00<\/p>\n<p><span style=\"text-decoration: underline;\">Horario de tarde:<\/span> 16:30 &#8211; 18:30<\/p>\n<p>&nbsp;<\/p>\n<p><strong><a href=\"https:\/\/forms.gle\/Evc8cHJ5XY3D1BBQ8\">\u00a1INSCR\u00cdBETE!<\/a><\/strong><img loading=\"lazy\" decoding=\"async\" class=\" wp-image-5953 aligncenter\" src=\"https:\/\/aizufamiliak.barakaldo.eus\/wp-content\/uploads\/2021\/03\/Cartel-afec.-sexual-general-300x212.jpg\" alt=\"\" width=\"703\" height=\"497\" srcset=\"https:\/\/aizufamiliak.barakaldo.eus\/wp-content\/uploads\/2021\/03\/Cartel-afec.-sexual-general-300x212.jpg 300w, https:\/\/aizufamiliak.barakaldo.eus\/wp-content\/uploads\/2021\/03\/Cartel-afec.-sexual-general-1030x728.jpg 1030w, https:\/\/aizufamiliak.barakaldo.eus\/wp-content\/uploads\/2021\/03\/Cartel-afec.-sexual-general-768x543.jpg 768w, https:\/\/aizufamiliak.barakaldo.eus\/wp-content\/uploads\/2021\/03\/Cartel-afec.-sexual-general-1536x1086.jpg 1536w, https:\/\/aizufamiliak.barakaldo.eus\/wp-content\/uploads\/2021\/03\/Cartel-afec.-sexual-general-2048x1448.jpg 2048w\" sizes=\"(max-width: 703px) 100vw, 703px\" \/><\/p>","protected":false},"excerpt":{"rendered":"<p>La sexualidad es un tema que nos resulta dif\u00edcil de abordar con nuestros hijos\/as. No obstante, es una parte inseparable del ser humano y al igual que los ni\u00f1os y ni\u00f1as exploran sus manos, sus pies y otras partes de su cuerpo, tambi\u00e9n sentir\u00e1n una curiosidad innata por descubrir sus genitales. Si de verdad deseamos [&hellip;]<\/p>\n","protected":false},"author":1,"featured_media":0,"comment_status":"open","ping_status":"open","sticky":false,"template":"","format":"standard","meta":{"footnotes":""},"categories":[836],"tags":[],"post_mailing_queue_ids":[],"_links":{"self":[{"href":"https:\/\/aizufamiliak.barakaldo.eus\/es\/wp-json\/wp\/v2\/posts\/5949"}],"collection":[{"href":"https:\/\/aizufamiliak.barakaldo.eus\/es\/wp-json\/wp\/v2\/posts"}],"about":[{"href":"https:\/\/aizufamiliak.barakaldo.eus\/es\/wp-json\/wp\/v2\/types\/post"}],"author":[{"embeddable":true,"href":"https:\/\/aizufamiliak.barakaldo.eus\/es\/wp-json\/wp\/v2\/users\/1"}],"replies":[{"embeddable":true,"href":"https:\/\/aizufamiliak.barakaldo.eus\/es\/wp-json\/wp\/v2\/comments?post=5949"}],"version-history":[{"count":11,"href":"https:\/\/aizufamiliak.barakaldo.eus\/es\/wp-json\/wp\/v2\/posts\/5949\/revisions"}],"predecessor-version":[{"id":5974,"href":"https:\/\/aizufamiliak.barakaldo.eus\/es\/wp-json\/wp\/v2\/posts\/5949\/revisions\/5974"}],"wp:attachment":[{"href":"https:\/\/aizufamiliak.barakaldo.eus\/es\/wp-json\/wp\/v2\/media?parent=5949"}],"wp:term":[{"taxonomy":"category","embeddable":true,"href":"https:\/\/aizufamiliak.barakaldo.eus\/es\/wp-json\/wp\/v2\/categories?post=5949"},{"taxonomy":"post_tag","embeddable":true,"href":"https:\/\/aizufamiliak.barakaldo.eus\/es\/wp-json\/wp\/v2\/tags?post=5949"}],"curies":[{"name":"wp","href":"https:\/\/api.w.org\/{rel}","templated":true}]}}