{"id":5488,"date":"2020-02-11T18:45:06","date_gmt":"2020-02-11T17:45:06","guid":{"rendered":"http:\/\/controlcodigo.com\/?p=5488"},"modified":"2020-04-03T17:45:26","modified_gmt":"2020-04-03T15:45:26","slug":"bienvenida","status":"publish","type":"post","link":"https:\/\/aizufamiliak.barakaldo.eus\/es\/2020\/02\/bienvenida\/","title":{"rendered":"Bienvenida"},"content":{"rendered":"<p><strong>Os damos la bienvenida<\/strong> a este espacio que pretende ser un lugar de encuentro en el que conocer aspectos relativos al crecimiento de vuestros hijos e hijas.<\/p>\n<p>El objetivo principal de esta iniciativa es <strong>acompa\u00f1aros<\/strong> en la apasionante aventura de la crianza y a la vez <strong>fortalecer vuestro papel preventivo<\/strong> frente a posibles conductas de riesgo as\u00ed como vuestra capacidad de fomentar conductas promotoras de la salud.\u00a0 Creemos firmemente que conocer aspectos relativos al desarrollo de vuestros hijos e hijas os brinda la oportunidad de <strong>entender mejor sus actitudes y comportamientos<\/strong> y os ayudar\u00e1 a relacionaros con ellos y ellas teniendo en cuenta su momento evolutivo. Por este motivo aqu\u00ed encontrar\u00e9is algunos de los aspectos m\u00e1s relevantes del desarrollo de la infancia y adolescencia de modo que os sirvan de <strong>gu\u00eda en vuestra labor educativa diaria<\/strong>. Si bien hay unas etapas definidas, cada persona sigue su propio ritmo de desarrollo por lo que \u00e9stas son meramente orientativas.<\/p>\n<p>Adem\u00e1s, ofreceremos <strong>herramientas<\/strong> que os faciliten la adopci\u00f3n de actitudes y la adquisici\u00f3n de habilidades relacionadas con un adecuado <strong>clima afectivo<\/strong> y de <strong>comunicaci\u00f3n<\/strong> en la familia. Estas herramientas favorecer\u00e1n el desarrollo de capacidades para <strong>mejorar la convivencia familiar<\/strong>.<\/p>\n<p>Con el fin de <strong>acompa\u00f1aros y asesoraros<\/strong> en vuestra <strong>labor educativa<\/strong> poco a poco iremos ampliando nuestros contenidos entre los que podr\u00e9is encontrar tem\u00e1ticas como: <strong>c\u00f3mo mejorar la comunicaci\u00f3n dentro de la familia, la negociaci\u00f3n de l\u00edmites y normas, c\u00f3mo afrontar situaciones de conflicto, c\u00f3mo actuar ante las rabietas&#8230;<\/strong><\/p>\n<p>La <strong>familia<\/strong> tiene una <strong>gran importancia en el desarrollo<\/strong> de todo ser humano, ya que representa un espacio fundamental para la educaci\u00f3n de los hijos e hijas.\u00a0 Es desde nuestra interacci\u00f3n en el seno familiar desde donde vamos <strong>construyendo <\/strong>nuestra <strong>identidad<\/strong> y <strong>personalidad<\/strong> y adquiriendo unos <strong>valores<\/strong> que nos acompa\u00f1ar\u00e1n el resto de nuestra vida.<\/p>\n<p>El desarrollo infantil es un proceso din\u00e1mico y muy complejo. Todas las personas sufrimos cambios a lo largo de nuestra vida, pero \u00e9stos se hacen mucho m\u00e1s evidentes en la etapa de la ni\u00f1ez y la adolescencia. Dichos cambios son consecuencia del paso del tiempo, pero tambi\u00e9n de factores como la herencia gen\u00e9tica y el entorno en el que nos desarrollamos. Es importante por tanto, que tomemos conciencia de la amplia <strong>capacidad de influencia<\/strong> que tenemos sobre el crecimiento de nuestros hijos e hijas y <strong>actuemos en favor de su desarrollo<\/strong>.<\/p>","protected":false},"excerpt":{"rendered":"<p>Os damos la bienvenida a este espacio que pretende ser un lugar de encuentro en el que conocer aspectos relativos al crecimiento de vuestros hijos e hijas. El objetivo principal de esta iniciativa es acompa\u00f1aros en la apasionante aventura de la crianza y a la vez fortalecer vuestro papel preventivo frente a posibles conductas de [&hellip;]<\/p>\n","protected":false},"author":1,"featured_media":5522,"comment_status":"open","ping_status":"open","sticky":false,"template":"","format":"standard","meta":{"footnotes":""},"categories":[820],"tags":[],"post_mailing_queue_ids":[],"_links":{"self":[{"href":"https:\/\/aizufamiliak.barakaldo.eus\/es\/wp-json\/wp\/v2\/posts\/5488"}],"collection":[{"href":"https:\/\/aizufamiliak.barakaldo.eus\/es\/wp-json\/wp\/v2\/posts"}],"about":[{"href":"https:\/\/aizufamiliak.barakaldo.eus\/es\/wp-json\/wp\/v2\/types\/post"}],"author":[{"embeddable":true,"href":"https:\/\/aizufamiliak.barakaldo.eus\/es\/wp-json\/wp\/v2\/users\/1"}],"replies":[{"embeddable":true,"href":"https:\/\/aizufamiliak.barakaldo.eus\/es\/wp-json\/wp\/v2\/comments?post=5488"}],"version-history":[{"count":3,"href":"https:\/\/aizufamiliak.barakaldo.eus\/es\/wp-json\/wp\/v2\/posts\/5488\/revisions"}],"predecessor-version":[{"id":5492,"href":"https:\/\/aizufamiliak.barakaldo.eus\/es\/wp-json\/wp\/v2\/posts\/5488\/revisions\/5492"}],"wp:featuredmedia":[{"embeddable":true,"href":"https:\/\/aizufamiliak.barakaldo.eus\/es\/wp-json\/wp\/v2\/media\/5522"}],"wp:attachment":[{"href":"https:\/\/aizufamiliak.barakaldo.eus\/es\/wp-json\/wp\/v2\/media?parent=5488"}],"wp:term":[{"taxonomy":"category","embeddable":true,"href":"https:\/\/aizufamiliak.barakaldo.eus\/es\/wp-json\/wp\/v2\/categories?post=5488"},{"taxonomy":"post_tag","embeddable":true,"href":"https:\/\/aizufamiliak.barakaldo.eus\/es\/wp-json\/wp\/v2\/tags?post=5488"}],"curies":[{"name":"wp","href":"https:\/\/api.w.org\/{rel}","templated":true}]}}